{"id":1909,"date":"2013-11-28T12:15:31","date_gmt":"2013-11-28T15:15:31","guid":{"rendered":"http:\/\/transitoamigo.com.br\/website\/?p=1909"},"modified":"2014-12-08T07:48:42","modified_gmt":"2014-12-08T10:48:42","slug":"dia-mundial-em-memoria-das-vitimas-de-transito-2","status":"publish","type":"post","link":"https:\/\/transitoamigo.com.br\/website\/dia-mundial-em-memoria-das-vitimas-de-transito-2\/","title":{"rendered":"Dia Mundial em Mem\u00f3ria das V\u00edtimas de Tr\u00e2nsito"},"content":{"rendered":"<div>\n<h6>OLHA A\u00cd GENTE, \u00c9 HORA DA MUDAN\u00c7A! VAMOS MUDAR O QUE PRECISA SER MUDADO?<\/h6>\n<p><p>\n<br \/>\nO modelo de celebra\u00e7\u00e3o feita  em Brasilia pela passagem do DIA MUNDIAL EM MEM\u00d3RIA DAS VITIMAS DE  TR\u00c2NSITO foi perfeito! Um dia inteiro de a\u00e7\u00f5es educativas, l\u00fadicas e  informativas associadas \u00e0 manifesta\u00e7\u00e3o de v\u00edtimas de todo o pa\u00eds.<\/p>\n<p>J\u00e1 h\u00e1 duas capitais disputando o privil\u00e9gio de sediar as a\u00e7\u00f5es em  2014&#8230;Contamos com a participa\u00e7\u00e3o de todos os interessados nesta causa e  que demais militantes sugiram ideias\/sugest\u00f5es para o nosso pr\u00f3ximo  encontro que certamente surpreender\u00e1 novamente a todos.<\/p>\n<p>Compartilhe essa ideia e vamos celebrar a vida em sua cidade!<\/p>\n<p>Prosseguir \u00e9 preciso.<\/p>\n<!-- default-view.php -->\n<div\n\tclass=\"ngg-galleryoverview default-view  ngg-ajax-pagination-none\"\n\tid=\"ngg-gallery-0bd3c9e8b5bd04f5020e99424638d575-1\">\n\n\t\t<!-- Thumbnails -->\n\t\t\t\t<div id=\"ngg-image-0\" class=\"ngg-gallery-thumbnail-box \" >\n\t\t\t\t        <div class=\"ngg-gallery-thumbnail\">\n            <a href=\"https:\/\/transitoamigo.com.br\/website\/wp-content\/gallery\/dia-mundia-em-memoria-as-vitimas-de-transito-brasilia-2013\/dmmvt-1.jpg\"\n               title=\"\"\n               data-src=\"https:\/\/transitoamigo.com.br\/website\/wp-content\/gallery\/dia-mundia-em-memoria-as-vitimas-de-transito-brasilia-2013\/dmmvt-1.jpg\"\n               data-thumbnail=\"https:\/\/transitoamigo.com.br\/website\/wp-content\/gallery\/dia-mundia-em-memoria-as-vitimas-de-transito-brasilia-2013\/thumbs\/thumbs_dmmvt-1.jpg\"\n               data-image-id=\"45\"\n               data-title=\"dmmvt-1\"\n               data-description=\"\"\n               data-image-slug=\"dmmvt-1\"\n               class=\"shutterset_0bd3c9e8b5bd04f5020e99424638d575\">\n                <img\n                    title=\"dmmvt-1\"\n                    alt=\"dmmvt-1\"\n                    src=\"https:\/\/transitoamigo.com.br\/website\/wp-content\/gallery\/dia-mundia-em-memoria-as-vitimas-de-transito-brasilia-2013\/thumbs\/thumbs_dmmvt-1.jpg\"\n                    width=\"100\"\n                    height=\"75\"\n                    style=\"max-width:100%;\"\n                \/>\n            <\/a>\n        <\/div>\n\t\t\t\t\t\t\t<\/div> \n\t\t\t\n\t\t\t\t<div id=\"ngg-image-1\" class=\"ngg-gallery-thumbnail-box \" >\n\t\t\t\t        <div class=\"ngg-gallery-thumbnail\">\n            <a href=\"https:\/\/transitoamigo.com.br\/website\/wp-content\/gallery\/dia-mundia-em-memoria-as-vitimas-de-transito-brasilia-2013\/dmmvt-104.jpg\"\n               title=\"\"\n               data-src=\"https:\/\/transitoamigo.com.br\/website\/wp-content\/gallery\/dia-mundia-em-memoria-as-vitimas-de-transito-brasilia-2013\/dmmvt-104.jpg\"\n               data-thumbnail=\"https:\/\/transitoamigo.com.br\/website\/wp-content\/gallery\/dia-mundia-em-memoria-as-vitimas-de-transito-brasilia-2013\/thumbs\/thumbs_dmmvt-104.jpg\"\n               data-image-id=\"46\"\n               data-title=\"dmmvt-104\"\n               data-description=\"\"\n               data-image-slug=\"dmmvt-104\"\n               class=\"shutterset_0bd3c9e8b5bd04f5020e99424638d575\">\n                <img\n                    title=\"dmmvt-104\"\n                    alt=\"dmmvt-104\"\n                    src=\"https:\/\/transitoamigo.com.br\/website\/wp-content\/gallery\/dia-mundia-em-memoria-as-vitimas-de-transito-brasilia-2013\/thumbs\/thumbs_dmmvt-104.jpg\"\n                    width=\"100\"\n                    height=\"75\"\n                    style=\"max-width:100%;\"\n                \/>\n            <\/a>\n        <\/div>\n\t\t\t\t\t\t\t<\/div> \n\t\t\t\n\t\t\t\t<div id=\"ngg-image-2\" class=\"ngg-gallery-thumbnail-box \" >\n\t\t\t\t        <div class=\"ngg-gallery-thumbnail\">\n            <a href=\"https:\/\/transitoamigo.com.br\/website\/wp-content\/gallery\/dia-mundia-em-memoria-as-vitimas-de-transito-brasilia-2013\/dmmvt-108.jpg\"\n               title=\"\"\n               data-src=\"https:\/\/transitoamigo.com.br\/website\/wp-content\/gallery\/dia-mundia-em-memoria-as-vitimas-de-transito-brasilia-2013\/dmmvt-108.jpg\"\n               data-thumbnail=\"https:\/\/transitoamigo.com.br\/website\/wp-content\/gallery\/dia-mundia-em-memoria-as-vitimas-de-transito-brasilia-2013\/thumbs\/thumbs_dmmvt-108.jpg\"\n               data-image-id=\"47\"\n               data-title=\"dmmvt-108\"\n               data-description=\"\"\n               data-image-slug=\"dmmvt-108\"\n               class=\"shutterset_0bd3c9e8b5bd04f5020e99424638d575\">\n                <img\n                    title=\"dmmvt-108\"\n                    alt=\"dmmvt-108\"\n                    src=\"https:\/\/transitoamigo.com.br\/website\/wp-content\/gallery\/dia-mundia-em-memoria-as-vitimas-de-transito-brasilia-2013\/thumbs\/thumbs_dmmvt-108.jpg\"\n                    width=\"100\"\n                    height=\"75\"\n                    style=\"max-width:100%;\"\n                \/>\n            <\/a>\n        <\/div>\n\t\t\t\t\t\t\t<\/div> \n\t\t\t\n\t\t\t\t<div id=\"ngg-image-3\" class=\"ngg-gallery-thumbnail-box \" >\n\t\t\t\t        <div class=\"ngg-gallery-thumbnail\">\n            <a href=\"https:\/\/transitoamigo.com.br\/website\/wp-content\/gallery\/dia-mundia-em-memoria-as-vitimas-de-transito-brasilia-2013\/dmmvt-113.jpg\"\n               title=\"\"\n               data-src=\"https:\/\/transitoamigo.com.br\/website\/wp-content\/gallery\/dia-mundia-em-memoria-as-vitimas-de-transito-brasilia-2013\/dmmvt-113.jpg\"\n               data-thumbnail=\"https:\/\/transitoamigo.com.br\/website\/wp-content\/gallery\/dia-mundia-em-memoria-as-vitimas-de-transito-brasilia-2013\/thumbs\/thumbs_dmmvt-113.jpg\"\n               data-image-id=\"48\"\n               data-title=\"dmmvt-113\"\n               data-description=\"\"\n               data-image-slug=\"dmmvt-113\"\n               class=\"shutterset_0bd3c9e8b5bd04f5020e99424638d575\">\n                <img\n                    title=\"dmmvt-113\"\n                    alt=\"dmmvt-113\"\n                    src=\"https:\/\/transitoamigo.com.br\/website\/wp-content\/gallery\/dia-mundia-em-memoria-as-vitimas-de-transito-brasilia-2013\/thumbs\/thumbs_dmmvt-113.jpg\"\n                    width=\"100\"\n                    height=\"75\"\n                    style=\"max-width:100%;\"\n                \/>\n            <\/a>\n        <\/div>\n\t\t\t\t\t\t\t<\/div> \n\t\t\t\n\t\t\t\t<div id=\"ngg-image-4\" class=\"ngg-gallery-thumbnail-box \" >\n\t\t\t\t        <div class=\"ngg-gallery-thumbnail\">\n            <a href=\"https:\/\/transitoamigo.com.br\/website\/wp-content\/gallery\/dia-mundia-em-memoria-as-vitimas-de-transito-brasilia-2013\/dmmvt-14.jpg\"\n               title=\"\"\n               data-src=\"https:\/\/transitoamigo.com.br\/website\/wp-content\/gallery\/dia-mundia-em-memoria-as-vitimas-de-transito-brasilia-2013\/dmmvt-14.jpg\"\n               data-thumbnail=\"https:\/\/transitoamigo.com.br\/website\/wp-content\/gallery\/dia-mundia-em-memoria-as-vitimas-de-transito-brasilia-2013\/thumbs\/thumbs_dmmvt-14.jpg\"\n               data-image-id=\"49\"\n               data-title=\"dmmvt-14\"\n               data-description=\"\"\n               data-image-slug=\"dmmvt-14\"\n               class=\"shutterset_0bd3c9e8b5bd04f5020e99424638d575\">\n                <img\n                    title=\"dmmvt-14\"\n                    alt=\"dmmvt-14\"\n                    src=\"https:\/\/transitoamigo.com.br\/website\/wp-content\/gallery\/dia-mundia-em-memoria-as-vitimas-de-transito-brasilia-2013\/thumbs\/thumbs_dmmvt-14.jpg\"\n                    width=\"100\"\n                    height=\"75\"\n                    style=\"max-width:100%;\"\n                \/>\n            <\/a>\n        <\/div>\n\t\t\t\t\t\t\t<\/div> \n\t\t\t\n\t\t\t\t<div id=\"ngg-image-5\" class=\"ngg-gallery-thumbnail-box \" >\n\t\t\t\t        <div class=\"ngg-gallery-thumbnail\">\n            <a href=\"https:\/\/transitoamigo.com.br\/website\/wp-content\/gallery\/dia-mundia-em-memoria-as-vitimas-de-transito-brasilia-2013\/dmmvt-18.jpg\"\n               title=\"\"\n               data-src=\"https:\/\/transitoamigo.com.br\/website\/wp-content\/gallery\/dia-mundia-em-memoria-as-vitimas-de-transito-brasilia-2013\/dmmvt-18.jpg\"\n               data-thumbnail=\"https:\/\/transitoamigo.com.br\/website\/wp-content\/gallery\/dia-mundia-em-memoria-as-vitimas-de-transito-brasilia-2013\/thumbs\/thumbs_dmmvt-18.jpg\"\n               data-image-id=\"50\"\n               data-title=\"dmmvt-18\"\n               data-description=\"\"\n               data-image-slug=\"dmmvt-18\"\n               class=\"shutterset_0bd3c9e8b5bd04f5020e99424638d575\">\n                <img\n                    title=\"dmmvt-18\"\n                    alt=\"dmmvt-18\"\n                    src=\"https:\/\/transitoamigo.com.br\/website\/wp-content\/gallery\/dia-mundia-em-memoria-as-vitimas-de-transito-brasilia-2013\/thumbs\/thumbs_dmmvt-18.jpg\"\n                    width=\"100\"\n                    height=\"75\"\n                    style=\"max-width:100%;\"\n                \/>\n            <\/a>\n        <\/div>\n\t\t\t\t\t\t\t<\/div> \n\t\t\t\n\t\t\t\t<div id=\"ngg-image-6\" class=\"ngg-gallery-thumbnail-box \" >\n\t\t\t\t        <div class=\"ngg-gallery-thumbnail\">\n            <a href=\"https:\/\/transitoamigo.com.br\/website\/wp-content\/gallery\/dia-mundia-em-memoria-as-vitimas-de-transito-brasilia-2013\/dmmvt-20.jpg\"\n               title=\"\"\n               data-src=\"https:\/\/transitoamigo.com.br\/website\/wp-content\/gallery\/dia-mundia-em-memoria-as-vitimas-de-transito-brasilia-2013\/dmmvt-20.jpg\"\n               data-thumbnail=\"https:\/\/transitoamigo.com.br\/website\/wp-content\/gallery\/dia-mundia-em-memoria-as-vitimas-de-transito-brasilia-2013\/thumbs\/thumbs_dmmvt-20.jpg\"\n               data-image-id=\"51\"\n               data-title=\"dmmvt-20\"\n               data-description=\"\"\n               data-image-slug=\"dmmvt-20\"\n               class=\"shutterset_0bd3c9e8b5bd04f5020e99424638d575\">\n                <img\n                    title=\"dmmvt-20\"\n                    alt=\"dmmvt-20\"\n                    src=\"https:\/\/transitoamigo.com.br\/website\/wp-content\/gallery\/dia-mundia-em-memoria-as-vitimas-de-transito-brasilia-2013\/thumbs\/thumbs_dmmvt-20.jpg\"\n                    width=\"100\"\n                    height=\"75\"\n                    style=\"max-width:100%;\"\n                \/>\n            <\/a>\n        <\/div>\n\t\t\t\t\t\t\t<\/div> \n\t\t\t\n\t\t\t\t<div id=\"ngg-image-7\" class=\"ngg-gallery-thumbnail-box \" >\n\t\t\t\t        <div class=\"ngg-gallery-thumbnail\">\n            <a href=\"https:\/\/transitoamigo.com.br\/website\/wp-content\/gallery\/dia-mundia-em-memoria-as-vitimas-de-transito-brasilia-2013\/dmmvt-24.jpg\"\n               title=\"\"\n               data-src=\"https:\/\/transitoamigo.com.br\/website\/wp-content\/gallery\/dia-mundia-em-memoria-as-vitimas-de-transito-brasilia-2013\/dmmvt-24.jpg\"\n               data-thumbnail=\"https:\/\/transitoamigo.com.br\/website\/wp-content\/gallery\/dia-mundia-em-memoria-as-vitimas-de-transito-brasilia-2013\/thumbs\/thumbs_dmmvt-24.jpg\"\n               data-image-id=\"52\"\n               data-title=\"dmmvt-24\"\n               data-description=\"\"\n               data-image-slug=\"dmmvt-24\"\n               class=\"shutterset_0bd3c9e8b5bd04f5020e99424638d575\">\n                <img\n                    title=\"dmmvt-24\"\n                    alt=\"dmmvt-24\"\n                    src=\"https:\/\/transitoamigo.com.br\/website\/wp-content\/gallery\/dia-mundia-em-memoria-as-vitimas-de-transito-brasilia-2013\/thumbs\/thumbs_dmmvt-24.jpg\"\n                    width=\"100\"\n                    height=\"75\"\n                    style=\"max-width:100%;\"\n                \/>\n            <\/a>\n        <\/div>\n\t\t\t\t\t\t\t<\/div> \n\t\t\t\n\t\t\t\t<div id=\"ngg-image-8\" class=\"ngg-gallery-thumbnail-box \" >\n\t\t\t\t        <div class=\"ngg-gallery-thumbnail\">\n            <a href=\"https:\/\/transitoamigo.com.br\/website\/wp-content\/gallery\/dia-mundia-em-memoria-as-vitimas-de-transito-brasilia-2013\/dmmvt-26.jpg\"\n               title=\"\"\n               data-src=\"https:\/\/transitoamigo.com.br\/website\/wp-content\/gallery\/dia-mundia-em-memoria-as-vitimas-de-transito-brasilia-2013\/dmmvt-26.jpg\"\n               data-thumbnail=\"https:\/\/transitoamigo.com.br\/website\/wp-content\/gallery\/dia-mundia-em-memoria-as-vitimas-de-transito-brasilia-2013\/thumbs\/thumbs_dmmvt-26.jpg\"\n               data-image-id=\"53\"\n               data-title=\"dmmvt-26\"\n               data-description=\"\"\n               data-image-slug=\"dmmvt-26\"\n               class=\"shutterset_0bd3c9e8b5bd04f5020e99424638d575\">\n                <img\n                    title=\"dmmvt-26\"\n                    alt=\"dmmvt-26\"\n                    src=\"https:\/\/transitoamigo.com.br\/website\/wp-content\/gallery\/dia-mundia-em-memoria-as-vitimas-de-transito-brasilia-2013\/thumbs\/thumbs_dmmvt-26.jpg\"\n                    width=\"100\"\n                    height=\"75\"\n                    style=\"max-width:100%;\"\n                \/>\n            <\/a>\n        <\/div>\n\t\t\t\t\t\t\t<\/div> \n\t\t\t\n\t\t\t\t<div id=\"ngg-image-9\" class=\"ngg-gallery-thumbnail-box \" >\n\t\t\t\t        <div class=\"ngg-gallery-thumbnail\">\n            <a href=\"https:\/\/transitoamigo.com.br\/website\/wp-content\/gallery\/dia-mundia-em-memoria-as-vitimas-de-transito-brasilia-2013\/dmmvt-39.jpg\"\n               title=\"\"\n               data-src=\"https:\/\/transitoamigo.com.br\/website\/wp-content\/gallery\/dia-mundia-em-memoria-as-vitimas-de-transito-brasilia-2013\/dmmvt-39.jpg\"\n               data-thumbnail=\"https:\/\/transitoamigo.com.br\/website\/wp-content\/gallery\/dia-mundia-em-memoria-as-vitimas-de-transito-brasilia-2013\/thumbs\/thumbs_dmmvt-39.jpg\"\n               data-image-id=\"54\"\n               data-title=\"dmmvt-39\"\n               data-description=\"\"\n               data-image-slug=\"dmmvt-39\"\n               class=\"shutterset_0bd3c9e8b5bd04f5020e99424638d575\">\n                <img\n                    title=\"dmmvt-39\"\n                    alt=\"dmmvt-39\"\n                    src=\"https:\/\/transitoamigo.com.br\/website\/wp-content\/gallery\/dia-mundia-em-memoria-as-vitimas-de-transito-brasilia-2013\/thumbs\/thumbs_dmmvt-39.jpg\"\n                    width=\"100\"\n                    height=\"75\"\n                    style=\"max-width:100%;\"\n                \/>\n            <\/a>\n        <\/div>\n\t\t\t\t\t\t\t<\/div> \n\t\t\t\n\t\t\t\t<div id=\"ngg-image-10\" class=\"ngg-gallery-thumbnail-box \" >\n\t\t\t\t        <div class=\"ngg-gallery-thumbnail\">\n            <a href=\"https:\/\/transitoamigo.com.br\/website\/wp-content\/gallery\/dia-mundia-em-memoria-as-vitimas-de-transito-brasilia-2013\/dmmvt-40.jpg\"\n               title=\"\"\n               data-src=\"https:\/\/transitoamigo.com.br\/website\/wp-content\/gallery\/dia-mundia-em-memoria-as-vitimas-de-transito-brasilia-2013\/dmmvt-40.jpg\"\n               data-thumbnail=\"https:\/\/transitoamigo.com.br\/website\/wp-content\/gallery\/dia-mundia-em-memoria-as-vitimas-de-transito-brasilia-2013\/thumbs\/thumbs_dmmvt-40.jpg\"\n               data-image-id=\"55\"\n               data-title=\"dmmvt-40\"\n               data-description=\"\"\n               data-image-slug=\"dmmvt-40\"\n               class=\"shutterset_0bd3c9e8b5bd04f5020e99424638d575\">\n                <img\n                    title=\"dmmvt-40\"\n                    alt=\"dmmvt-40\"\n                    src=\"https:\/\/transitoamigo.com.br\/website\/wp-content\/gallery\/dia-mundia-em-memoria-as-vitimas-de-transito-brasilia-2013\/thumbs\/thumbs_dmmvt-40.jpg\"\n                    width=\"100\"\n                    height=\"75\"\n                    style=\"max-width:100%;\"\n                \/>\n            <\/a>\n        <\/div>\n\t\t\t\t\t\t\t<\/div> \n\t\t\t\n\t\t\t\t<div id=\"ngg-image-11\" class=\"ngg-gallery-thumbnail-box \" >\n\t\t\t\t        <div class=\"ngg-gallery-thumbnail\">\n            <a href=\"https:\/\/transitoamigo.com.br\/website\/wp-content\/gallery\/dia-mundia-em-memoria-as-vitimas-de-transito-brasilia-2013\/dmmvt-41.jpg\"\n               title=\"\"\n               data-src=\"https:\/\/transitoamigo.com.br\/website\/wp-content\/gallery\/dia-mundia-em-memoria-as-vitimas-de-transito-brasilia-2013\/dmmvt-41.jpg\"\n               data-thumbnail=\"https:\/\/transitoamigo.com.br\/website\/wp-content\/gallery\/dia-mundia-em-memoria-as-vitimas-de-transito-brasilia-2013\/thumbs\/thumbs_dmmvt-41.jpg\"\n               data-image-id=\"56\"\n               data-title=\"dmmvt-41\"\n               data-description=\"\"\n               data-image-slug=\"dmmvt-41\"\n               class=\"shutterset_0bd3c9e8b5bd04f5020e99424638d575\">\n                <img\n                    title=\"dmmvt-41\"\n                    alt=\"dmmvt-41\"\n                    src=\"https:\/\/transitoamigo.com.br\/website\/wp-content\/gallery\/dia-mundia-em-memoria-as-vitimas-de-transito-brasilia-2013\/thumbs\/thumbs_dmmvt-41.jpg\"\n                    width=\"100\"\n                    height=\"75\"\n                    style=\"max-width:100%;\"\n                \/>\n            <\/a>\n        <\/div>\n\t\t\t\t\t\t\t<\/div> \n\t\t\t\n\t\t\t\t<div id=\"ngg-image-12\" class=\"ngg-gallery-thumbnail-box \" >\n\t\t\t\t        <div class=\"ngg-gallery-thumbnail\">\n            <a href=\"https:\/\/transitoamigo.com.br\/website\/wp-content\/gallery\/dia-mundia-em-memoria-as-vitimas-de-transito-brasilia-2013\/dmmvt-5.jpg\"\n               title=\"\"\n               data-src=\"https:\/\/transitoamigo.com.br\/website\/wp-content\/gallery\/dia-mundia-em-memoria-as-vitimas-de-transito-brasilia-2013\/dmmvt-5.jpg\"\n               data-thumbnail=\"https:\/\/transitoamigo.com.br\/website\/wp-content\/gallery\/dia-mundia-em-memoria-as-vitimas-de-transito-brasilia-2013\/thumbs\/thumbs_dmmvt-5.jpg\"\n               data-image-id=\"57\"\n               data-title=\"dmmvt-5\"\n               data-description=\"\"\n               data-image-slug=\"dmmvt-5\"\n               class=\"shutterset_0bd3c9e8b5bd04f5020e99424638d575\">\n                <img\n                    title=\"dmmvt-5\"\n                    alt=\"dmmvt-5\"\n                    src=\"https:\/\/transitoamigo.com.br\/website\/wp-content\/gallery\/dia-mundia-em-memoria-as-vitimas-de-transito-brasilia-2013\/thumbs\/thumbs_dmmvt-5.jpg\"\n                    width=\"100\"\n                    height=\"75\"\n                    style=\"max-width:100%;\"\n                \/>\n            <\/a>\n        <\/div>\n\t\t\t\t\t\t\t<\/div> \n\t\t\t\n\t\t\t\t<div id=\"ngg-image-13\" class=\"ngg-gallery-thumbnail-box \" >\n\t\t\t\t        <div class=\"ngg-gallery-thumbnail\">\n            <a href=\"https:\/\/transitoamigo.com.br\/website\/wp-content\/gallery\/dia-mundia-em-memoria-as-vitimas-de-transito-brasilia-2013\/dmmvt-63.jpg\"\n               title=\"\"\n               data-src=\"https:\/\/transitoamigo.com.br\/website\/wp-content\/gallery\/dia-mundia-em-memoria-as-vitimas-de-transito-brasilia-2013\/dmmvt-63.jpg\"\n               data-thumbnail=\"https:\/\/transitoamigo.com.br\/website\/wp-content\/gallery\/dia-mundia-em-memoria-as-vitimas-de-transito-brasilia-2013\/thumbs\/thumbs_dmmvt-63.jpg\"\n               data-image-id=\"58\"\n               data-title=\"dmmvt-63\"\n               data-description=\"\"\n               data-image-slug=\"dmmvt-63\"\n               class=\"shutterset_0bd3c9e8b5bd04f5020e99424638d575\">\n                <img\n                    title=\"dmmvt-63\"\n                    alt=\"dmmvt-63\"\n                    src=\"https:\/\/transitoamigo.com.br\/website\/wp-content\/gallery\/dia-mundia-em-memoria-as-vitimas-de-transito-brasilia-2013\/thumbs\/thumbs_dmmvt-63.jpg\"\n                    width=\"100\"\n                    height=\"75\"\n                    style=\"max-width:100%;\"\n                \/>\n            <\/a>\n        <\/div>\n\t\t\t\t\t\t\t<\/div> \n\t\t\t\n\t\t\t\t<div id=\"ngg-image-14\" class=\"ngg-gallery-thumbnail-box \" >\n\t\t\t\t        <div class=\"ngg-gallery-thumbnail\">\n            <a href=\"https:\/\/transitoamigo.com.br\/website\/wp-content\/gallery\/dia-mundia-em-memoria-as-vitimas-de-transito-brasilia-2013\/dmmvt-69.jpg\"\n               title=\"\"\n               data-src=\"https:\/\/transitoamigo.com.br\/website\/wp-content\/gallery\/dia-mundia-em-memoria-as-vitimas-de-transito-brasilia-2013\/dmmvt-69.jpg\"\n               data-thumbnail=\"https:\/\/transitoamigo.com.br\/website\/wp-content\/gallery\/dia-mundia-em-memoria-as-vitimas-de-transito-brasilia-2013\/thumbs\/thumbs_dmmvt-69.jpg\"\n               data-image-id=\"59\"\n               data-title=\"dmmvt-69\"\n               data-description=\"\"\n               data-image-slug=\"dmmvt-69\"\n               class=\"shutterset_0bd3c9e8b5bd04f5020e99424638d575\">\n                <img\n                    title=\"dmmvt-69\"\n                    alt=\"dmmvt-69\"\n                    src=\"https:\/\/transitoamigo.com.br\/website\/wp-content\/gallery\/dia-mundia-em-memoria-as-vitimas-de-transito-brasilia-2013\/thumbs\/thumbs_dmmvt-69.jpg\"\n                    width=\"100\"\n                    height=\"75\"\n                    style=\"max-width:100%;\"\n                \/>\n            <\/a>\n        <\/div>\n\t\t\t\t\t\t\t<\/div> \n\t\t\t\n\t\t\t\t<div id=\"ngg-image-15\" class=\"ngg-gallery-thumbnail-box \" >\n\t\t\t\t        <div class=\"ngg-gallery-thumbnail\">\n            <a href=\"https:\/\/transitoamigo.com.br\/website\/wp-content\/gallery\/dia-mundia-em-memoria-as-vitimas-de-transito-brasilia-2013\/dmmvt-7.jpg\"\n               title=\"\"\n               data-src=\"https:\/\/transitoamigo.com.br\/website\/wp-content\/gallery\/dia-mundia-em-memoria-as-vitimas-de-transito-brasilia-2013\/dmmvt-7.jpg\"\n               data-thumbnail=\"https:\/\/transitoamigo.com.br\/website\/wp-content\/gallery\/dia-mundia-em-memoria-as-vitimas-de-transito-brasilia-2013\/thumbs\/thumbs_dmmvt-7.jpg\"\n               data-image-id=\"60\"\n               data-title=\"dmmvt-7\"\n               data-description=\"\"\n               data-image-slug=\"dmmvt-7\"\n               class=\"shutterset_0bd3c9e8b5bd04f5020e99424638d575\">\n                <img\n                    title=\"dmmvt-7\"\n                    alt=\"dmmvt-7\"\n                    src=\"https:\/\/transitoamigo.com.br\/website\/wp-content\/gallery\/dia-mundia-em-memoria-as-vitimas-de-transito-brasilia-2013\/thumbs\/thumbs_dmmvt-7.jpg\"\n                    width=\"100\"\n                    height=\"75\"\n                    style=\"max-width:100%;\"\n                \/>\n            <\/a>\n        <\/div>\n\t\t\t\t\t\t\t<\/div> \n\t\t\t\n\t\t\t\t<div id=\"ngg-image-16\" class=\"ngg-gallery-thumbnail-box \" >\n\t\t\t\t        <div class=\"ngg-gallery-thumbnail\">\n            <a href=\"https:\/\/transitoamigo.com.br\/website\/wp-content\/gallery\/dia-mundia-em-memoria-as-vitimas-de-transito-brasilia-2013\/dmmvt-75.jpg\"\n               title=\"\"\n               data-src=\"https:\/\/transitoamigo.com.br\/website\/wp-content\/gallery\/dia-mundia-em-memoria-as-vitimas-de-transito-brasilia-2013\/dmmvt-75.jpg\"\n               data-thumbnail=\"https:\/\/transitoamigo.com.br\/website\/wp-content\/gallery\/dia-mundia-em-memoria-as-vitimas-de-transito-brasilia-2013\/thumbs\/thumbs_dmmvt-75.jpg\"\n               data-image-id=\"61\"\n               data-title=\"dmmvt-75\"\n               data-description=\"\"\n               data-image-slug=\"dmmvt-75\"\n               class=\"shutterset_0bd3c9e8b5bd04f5020e99424638d575\">\n                <img\n                    title=\"dmmvt-75\"\n                    alt=\"dmmvt-75\"\n                    src=\"https:\/\/transitoamigo.com.br\/website\/wp-content\/gallery\/dia-mundia-em-memoria-as-vitimas-de-transito-brasilia-2013\/thumbs\/thumbs_dmmvt-75.jpg\"\n                    width=\"100\"\n                    height=\"75\"\n                    style=\"max-width:100%;\"\n                \/>\n            <\/a>\n        <\/div>\n\t\t\t\t\t\t\t<\/div> \n\t\t\t\n\t\t\t\t<div id=\"ngg-image-17\" class=\"ngg-gallery-thumbnail-box \" >\n\t\t\t\t        <div class=\"ngg-gallery-thumbnail\">\n            <a href=\"https:\/\/transitoamigo.com.br\/website\/wp-content\/gallery\/dia-mundia-em-memoria-as-vitimas-de-transito-brasilia-2013\/dmmvt-8.jpg\"\n               title=\"\"\n               data-src=\"https:\/\/transitoamigo.com.br\/website\/wp-content\/gallery\/dia-mundia-em-memoria-as-vitimas-de-transito-brasilia-2013\/dmmvt-8.jpg\"\n               data-thumbnail=\"https:\/\/transitoamigo.com.br\/website\/wp-content\/gallery\/dia-mundia-em-memoria-as-vitimas-de-transito-brasilia-2013\/thumbs\/thumbs_dmmvt-8.jpg\"\n               data-image-id=\"62\"\n               data-title=\"dmmvt-8\"\n               data-description=\"\"\n               data-image-slug=\"dmmvt-8\"\n               class=\"shutterset_0bd3c9e8b5bd04f5020e99424638d575\">\n                <img\n                    title=\"dmmvt-8\"\n                    alt=\"dmmvt-8\"\n                    src=\"https:\/\/transitoamigo.com.br\/website\/wp-content\/gallery\/dia-mundia-em-memoria-as-vitimas-de-transito-brasilia-2013\/thumbs\/thumbs_dmmvt-8.jpg\"\n                    width=\"100\"\n                    height=\"75\"\n                    style=\"max-width:100%;\"\n                \/>\n            <\/a>\n        <\/div>\n\t\t\t\t\t\t\t<\/div> \n\t\t\t\n\t\t\t\t<div id=\"ngg-image-18\" class=\"ngg-gallery-thumbnail-box \" >\n\t\t\t\t        <div class=\"ngg-gallery-thumbnail\">\n            <a href=\"https:\/\/transitoamigo.com.br\/website\/wp-content\/gallery\/dia-mundia-em-memoria-as-vitimas-de-transito-brasilia-2013\/dmmvt-80.jpg\"\n               title=\"\"\n               data-src=\"https:\/\/transitoamigo.com.br\/website\/wp-content\/gallery\/dia-mundia-em-memoria-as-vitimas-de-transito-brasilia-2013\/dmmvt-80.jpg\"\n               data-thumbnail=\"https:\/\/transitoamigo.com.br\/website\/wp-content\/gallery\/dia-mundia-em-memoria-as-vitimas-de-transito-brasilia-2013\/thumbs\/thumbs_dmmvt-80.jpg\"\n               data-image-id=\"63\"\n               data-title=\"dmmvt-80\"\n               data-description=\"\"\n               data-image-slug=\"dmmvt-80\"\n               class=\"shutterset_0bd3c9e8b5bd04f5020e99424638d575\">\n                <img\n                    title=\"dmmvt-80\"\n                    alt=\"dmmvt-80\"\n                    src=\"https:\/\/transitoamigo.com.br\/website\/wp-content\/gallery\/dia-mundia-em-memoria-as-vitimas-de-transito-brasilia-2013\/thumbs\/thumbs_dmmvt-80.jpg\"\n                    width=\"100\"\n                    height=\"75\"\n                    style=\"max-width:100%;\"\n                \/>\n            <\/a>\n        <\/div>\n\t\t\t\t\t\t\t<\/div> \n\t\t\t\n\t\t\t\t<div id=\"ngg-image-19\" class=\"ngg-gallery-thumbnail-box \" >\n\t\t\t\t        <div class=\"ngg-gallery-thumbnail\">\n            <a href=\"https:\/\/transitoamigo.com.br\/website\/wp-content\/gallery\/dia-mundia-em-memoria-as-vitimas-de-transito-brasilia-2013\/dmmvt-9.jpg\"\n               title=\"\"\n               data-src=\"https:\/\/transitoamigo.com.br\/website\/wp-content\/gallery\/dia-mundia-em-memoria-as-vitimas-de-transito-brasilia-2013\/dmmvt-9.jpg\"\n               data-thumbnail=\"https:\/\/transitoamigo.com.br\/website\/wp-content\/gallery\/dia-mundia-em-memoria-as-vitimas-de-transito-brasilia-2013\/thumbs\/thumbs_dmmvt-9.jpg\"\n               data-image-id=\"64\"\n               data-title=\"dmmvt-9\"\n               data-description=\"\"\n               data-image-slug=\"dmmvt-9\"\n               class=\"shutterset_0bd3c9e8b5bd04f5020e99424638d575\">\n                <img\n                    title=\"dmmvt-9\"\n                    alt=\"dmmvt-9\"\n                    src=\"https:\/\/transitoamigo.com.br\/website\/wp-content\/gallery\/dia-mundia-em-memoria-as-vitimas-de-transito-brasilia-2013\/thumbs\/thumbs_dmmvt-9.jpg\"\n                    width=\"100\"\n                    height=\"75\"\n                    style=\"max-width:100%;\"\n                \/>\n            <\/a>\n        <\/div>\n\t\t\t\t\t\t\t<\/div> \n\t\t\t\n\t\n\t<br style=\"clear: both\" \/>\n\n\t\t<div class=\"slideshowlink\">\n        <a href='https:\/\/transitoamigo.com.br\/website\/dia-mundial-em-memoria-das-vitimas-de-transito-2\/nggallery\/slideshow'>[Show as slideshow]<\/a>\n\t\t\n\t<\/div>\n\t\n\t\t<!-- Pagination -->\n\t<div class='ngg-navigation'><span class='current'>1<\/span>\n<a class='page-numbers' data-pageid='2' href='https:\/\/transitoamigo.com.br\/website\/dia-mundial-em-memoria-das-vitimas-de-transito-2\/nggallery\/page\/2'>2<\/a>\n<a class='prev' href='https:\/\/transitoamigo.com.br\/website\/dia-mundial-em-memoria-das-vitimas-de-transito-2\/nggallery\/page\/2' data-pageid=2>&#9658;<\/a><\/div>\t<\/div>\n\n<\/div>\n<p><\/br><\/p>\n","protected":false},"excerpt":{"rendered":"<p>OLHA A\u00cd GENTE, \u00c9 HORA DA MUDAN\u00c7A! VAMOS MUDAR O QUE PRECISA SER MUDADO? O modelo de celebra\u00e7\u00e3o feita em Brasilia pela passagem do DIA MUNDIAL EM MEM\u00d3RIA DAS VITIMAS DE TR\u00c2NSITO foi perfeito! Um dia inteiro de a\u00e7\u00f5es educativas, l\u00fadicas e informativas associadas \u00e0 manifesta\u00e7\u00e3o de v\u00edtimas de todo o pa\u00eds. J\u00e1 h\u00e1 duas [&hellip;]<\/p>\n","protected":false},"author":4,"featured_media":0,"comment_status":"open","ping_status":"open","sticky":false,"template":"","format":"standard","meta":{"ngg_post_thumbnail":0,"footnotes":""},"categories":[6,7,8,9,5],"tags":[],"class_list":["post-1909","post","type-post","status-publish","format-standard","hentry","category-campanhas","category-clipping","category-eventos","category-galeria-de-fotos","category-blog"],"_links":{"self":[{"href":"https:\/\/transitoamigo.com.br\/website\/wp-json\/wp\/v2\/posts\/1909","targetHints":{"allow":["GET"]}}],"collection":[{"href":"https:\/\/transitoamigo.com.br\/website\/wp-json\/wp\/v2\/posts"}],"about":[{"href":"https:\/\/transitoamigo.com.br\/website\/wp-json\/wp\/v2\/types\/post"}],"author":[{"embeddable":true,"href":"https:\/\/transitoamigo.com.br\/website\/wp-json\/wp\/v2\/users\/4"}],"replies":[{"embeddable":true,"href":"https:\/\/transitoamigo.com.br\/website\/wp-json\/wp\/v2\/comments?post=1909"}],"version-history":[{"count":14,"href":"https:\/\/transitoamigo.com.br\/website\/wp-json\/wp\/v2\/posts\/1909\/revisions"}],"predecessor-version":[{"id":2163,"href":"https:\/\/transitoamigo.com.br\/website\/wp-json\/wp\/v2\/posts\/1909\/revisions\/2163"}],"wp:attachment":[{"href":"https:\/\/transitoamigo.com.br\/website\/wp-json\/wp\/v2\/media?parent=1909"}],"wp:term":[{"taxonomy":"category","embeddable":true,"href":"https:\/\/transitoamigo.com.br\/website\/wp-json\/wp\/v2\/categories?post=1909"},{"taxonomy":"post_tag","embeddable":true,"href":"https:\/\/transitoamigo.com.br\/website\/wp-json\/wp\/v2\/tags?post=1909"}],"curies":[{"name":"wp","href":"https:\/\/api.w.org\/{rel}","templated":true}]}}