{"id":2925,"date":"2022-04-04T18:06:29","date_gmt":"2022-04-04T21:06:29","guid":{"rendered":"http:\/\/transitoamigo.com.br\/website\/?p=2925"},"modified":"2022-04-04T19:05:52","modified_gmt":"2022-04-04T22:05:52","slug":"policia-federal-e-imigracao-dos-estados-unidos-prendem-em-miami-carioca-procurado-ha-20-anos-por-triplo-homicidio","status":"publish","type":"post","link":"https:\/\/transitoamigo.com.br\/website\/policia-federal-e-imigracao-dos-estados-unidos-prendem-em-miami-carioca-procurado-ha-20-anos-por-triplo-homicidio\/","title":{"rendered":"Pol\u00edcia Federal e Imigra\u00e7\u00e3o dos Estados Unidos prendem, em Miami, carioca procurado h\u00e1 20 anos por triplo homic\u00eddio"},"content":{"rendered":"<p>Ele estava no aeroporto utilizando um passaporte israelense com outro nome, e tentava embarcar em um voo para Israel<\/p>\n<p>Veja a mat\u00e9ria completa:<\/p>\n<p><strong><a href=\"https:\/\/g1.globo.com\/rj\/rio-de-janeiro\/noticia\/2022\/04\/04\/carioca-foragido-por-triplo-homicidio-e-brasileiro-ha-mais-tempo-na-lista-da-interpol-e-preso-em-miami.ghtml\">https:\/\/g1.globo.com\/rj\/rio-de-janeiro\/noticia\/2022\/04\/04\/carioca-foragido-por-triplo-homicidio-e-brasileiro-ha-mais-tempo-na-lista-da-interpol-e-preso-em-miami.ghtml<\/a><\/strong><\/p>\n<p><strong><a href=\"https:\/\/oglobo.globo.com\/rio\/policia-federal-imigracao-dos-estados-unidos-prendem-em-miami-carioca-procurado-ha-20-anos-por-triplo-homicidio-25462046\">https:\/\/oglobo.globo.com\/rio\/policia-federal-imigracao-dos-estados-unidos-prendem-em-miami-carioca-procurado-ha-20-anos-por-triplo-homicidio-25462046<\/a><\/strong><\/p>\n<p>Fonte: O Globo<\/p>\n","protected":false},"excerpt":{"rendered":"<p>Ele estava no aeroporto utilizando um passaporte israelense com outro nome, e tentava embarcar em um voo para Israel Veja a mat\u00e9ria completa: https:\/\/g1.globo.com\/rj\/rio-de-janeiro\/noticia\/2022\/04\/04\/carioca-foragido-por-triplo-homicidio-e-brasileiro-ha-mais-tempo-na-lista-da-interpol-e-preso-em-miami.ghtml https:\/\/oglobo.globo.com\/rio\/policia-federal-imigracao-dos-estados-unidos-prendem-em-miami-carioca-procurado-ha-20-anos-por-triplo-homicidio-25462046 Fonte: O Globo<\/p>\n","protected":false},"author":1,"featured_media":2926,"comment_status":"open","ping_status":"open","sticky":false,"template":"","format":"standard","meta":{"ngg_post_thumbnail":0,"footnotes":""},"categories":[3,5],"tags":[],"class_list":["post-2925","post","type-post","status-publish","format-standard","has-post-thumbnail","hentry","category-destaques","category-blog"],"_links":{"self":[{"href":"https:\/\/transitoamigo.com.br\/website\/wp-json\/wp\/v2\/posts\/2925","targetHints":{"allow":["GET"]}}],"collection":[{"href":"https:\/\/transitoamigo.com.br\/website\/wp-json\/wp\/v2\/posts"}],"about":[{"href":"https:\/\/transitoamigo.com.br\/website\/wp-json\/wp\/v2\/types\/post"}],"author":[{"embeddable":true,"href":"https:\/\/transitoamigo.com.br\/website\/wp-json\/wp\/v2\/users\/1"}],"replies":[{"embeddable":true,"href":"https:\/\/transitoamigo.com.br\/website\/wp-json\/wp\/v2\/comments?post=2925"}],"version-history":[{"count":4,"href":"https:\/\/transitoamigo.com.br\/website\/wp-json\/wp\/v2\/posts\/2925\/revisions"}],"predecessor-version":[{"id":2930,"href":"https:\/\/transitoamigo.com.br\/website\/wp-json\/wp\/v2\/posts\/2925\/revisions\/2930"}],"wp:featuredmedia":[{"embeddable":true,"href":"https:\/\/transitoamigo.com.br\/website\/wp-json\/wp\/v2\/media\/2926"}],"wp:attachment":[{"href":"https:\/\/transitoamigo.com.br\/website\/wp-json\/wp\/v2\/media?parent=2925"}],"wp:term":[{"taxonomy":"category","embeddable":true,"href":"https:\/\/transitoamigo.com.br\/website\/wp-json\/wp\/v2\/categories?post=2925"},{"taxonomy":"post_tag","embeddable":true,"href":"https:\/\/transitoamigo.com.br\/website\/wp-json\/wp\/v2\/tags?post=2925"}],"curies":[{"name":"wp","href":"https:\/\/api.w.org\/{rel}","templated":true}]}}