{"id":429,"date":"2010-11-04T22:45:20","date_gmt":"2010-11-05T01:45:20","guid":{"rendered":"http:\/\/transitoamigo.com.br\/website\/?p=429"},"modified":"2010-11-08T17:33:31","modified_gmt":"2010-11-08T20:33:31","slug":"salvador-celebra-o-dia-mundial-em-memoria-das-vitimas-de-transito","status":"publish","type":"post","link":"https:\/\/transitoamigo.com.br\/website\/salvador-celebra-o-dia-mundial-em-memoria-das-vitimas-de-transito\/","title":{"rendered":"DIA MUNDIAL &#8211; Informe VI"},"content":{"rendered":"<p><strong>Salvador Celebra o DIA MUNDIAL EM MEMORIA DAS VITIMAS DE TR\u00c2NSITO<\/strong><\/p>\n<p>A Organiza\u00e7\u00e3o das Na\u00e7\u00f5es Unidas (ONU) aprovou resolu\u00e7\u00e3o conclamando todos os pa\u00edses para que definissem o terceiro domingo do m\u00eas de novembro de cada ano, como o dia dedicado \u00e0 mem\u00f3ria das v\u00edtimas da viol\u00eancia sobre rodas.\u00a0 \u00a0A ONU tamb\u00e9m proclamou oficialmente o per\u00edodo de 2011 a 2020 como a D\u00e9cada Mundial de A\u00e7\u00f5es de Seguran\u00e7a no Tr\u00e2nsito, com o compromisso formal em torno de defini\u00e7\u00e3o de pol\u00edticas p\u00fablicas e a\u00e7\u00f5es efetivas em defesa da seguran\u00e7a no tr\u00e2nsito e da preven\u00e7\u00e3o das mortes e dos traumas nas ruas e estradas de todo o mundo.<\/p>\n<p>Diante do exposto, o Comit\u00ea de Estudos e A\u00e7\u00f5es para o Tr\u00e2nsito e Vida &#8211; CEATV,\u00a0\u00a0 realizar\u00e1 o <strong>II Col\u00f3quio de Tr\u00e2nsito <\/strong>no dia 19 de novembro de 2010, no Audit\u00f3rio do SEBRAE \/BA<strong> , <\/strong>das 08h30 \u00e0s 13:00 horas e a\u00a0 <strong>1\u00aa CAMINHADA EM MEM\u00d3RIA DAS V\u00cdTIMAS DE ACIDENTES DE TR\u00c2NSITO,<\/strong> no dia 21 de novembro<strong>, <\/strong>saindo da Ademar de Barros \u2013 Ondina at\u00e9 o Farol da Barra, em Salvador, que certamente chamar\u00e1 a aten\u00e7\u00e3o da sociedade soteropolitana para os efeitos tr\u00e1gicos dos acidentes de tr\u00e2nsito.<\/p>\n<p>Nesses desastres, morrem mais de um milh\u00e3o de pessoas por ano em todo o planeta. Os jovens representam a maioria das v\u00edtimas, que, muitas vezes, ficam com seq\u00fcelas pelo resto da vida. \u00a0Ao lado da viol\u00eancia urbana, os acidentes de tr\u00e2nsito s\u00e3o a causa mais importante de mortalidade entre jovens adolescentes e adultos com menos de 35 anos, principalmente os do sexo masculino, que s\u00e3o os mais envolvidos em ocorr\u00eancias fatais.<\/p>\n<p>Cabe ressaltar que a perda de um ente querido, filho, familiar ou amigo, n\u00e3o tem pre\u00e7o. Portanto, precisamos salvar as pessoas desse tipo de morte, previs\u00edvel e totalmente evit\u00e1vel.<\/p>\n<p>O objetivo do evento \u00e9 chamar \u00e0 aten\u00e7\u00e3o da popula\u00e7\u00e3o para os problemas dos acidentes de tr\u00e2nsito e apoiar os governantes na formula\u00e7\u00e3o e implanta\u00e7\u00e3o de pol\u00edticas p\u00fablicas voltadas para a seguran\u00e7a vi\u00e1ria.<\/p>\n<p>Para tanto, convidamos toda a sociedade a entrar nesta frente mundial por um mundo com mais justi\u00e7a, paz e, sobretudo, educa\u00e7\u00e3o no tr\u00e2nsito.<\/p>\n","protected":false},"excerpt":{"rendered":"<p>Salvador Celebra o DIA MUNDIAL EM MEMORIA DAS VITIMAS DE TR\u00c2NSITO A Organiza\u00e7\u00e3o das Na\u00e7\u00f5es Unidas (ONU) aprovou resolu\u00e7\u00e3o conclamando todos os pa\u00edses para que definissem o terceiro domingo do m\u00eas de novembro de cada ano, como o dia dedicado \u00e0 mem\u00f3ria das v\u00edtimas da viol\u00eancia sobre rodas.\u00a0 \u00a0A ONU tamb\u00e9m proclamou oficialmente o per\u00edodo [&hellip;]<\/p>\n","protected":false},"author":1,"featured_media":0,"comment_status":"open","ping_status":"open","sticky":false,"template":"","format":"standard","meta":{"ngg_post_thumbnail":0,"footnotes":""},"categories":[7,8,5],"tags":[],"class_list":["post-429","post","type-post","status-publish","format-standard","hentry","category-clipping","category-eventos","category-blog"],"_links":{"self":[{"href":"https:\/\/transitoamigo.com.br\/website\/wp-json\/wp\/v2\/posts\/429","targetHints":{"allow":["GET"]}}],"collection":[{"href":"https:\/\/transitoamigo.com.br\/website\/wp-json\/wp\/v2\/posts"}],"about":[{"href":"https:\/\/transitoamigo.com.br\/website\/wp-json\/wp\/v2\/types\/post"}],"author":[{"embeddable":true,"href":"https:\/\/transitoamigo.com.br\/website\/wp-json\/wp\/v2\/users\/1"}],"replies":[{"embeddable":true,"href":"https:\/\/transitoamigo.com.br\/website\/wp-json\/wp\/v2\/comments?post=429"}],"version-history":[{"count":2,"href":"https:\/\/transitoamigo.com.br\/website\/wp-json\/wp\/v2\/posts\/429\/revisions"}],"predecessor-version":[{"id":438,"href":"https:\/\/transitoamigo.com.br\/website\/wp-json\/wp\/v2\/posts\/429\/revisions\/438"}],"wp:attachment":[{"href":"https:\/\/transitoamigo.com.br\/website\/wp-json\/wp\/v2\/media?parent=429"}],"wp:term":[{"taxonomy":"category","embeddable":true,"href":"https:\/\/transitoamigo.com.br\/website\/wp-json\/wp\/v2\/categories?post=429"},{"taxonomy":"post_tag","embeddable":true,"href":"https:\/\/transitoamigo.com.br\/website\/wp-json\/wp\/v2\/tags?post=429"}],"curies":[{"name":"wp","href":"https:\/\/api.w.org\/{rel}","templated":true}]}}