{"id":431,"date":"2010-11-08T16:21:51","date_gmt":"2010-11-08T19:21:51","guid":{"rendered":"http:\/\/transitoamigo.com.br\/website\/?p=431"},"modified":"2010-11-08T17:32:44","modified_gmt":"2010-11-08T20:32:44","slug":"guarulhos-organiza-o-1%c2%ba-forum-municipal-de-educacao-para-o-transito-e-mobilidade","status":"publish","type":"post","link":"https:\/\/transitoamigo.com.br\/website\/guarulhos-organiza-o-1%c2%ba-forum-municipal-de-educacao-para-o-transito-e-mobilidade\/","title":{"rendered":"DIA MUNDIAL &#8211; Informe VII"},"content":{"rendered":"<p><strong>Guarulhos organiza o 1\u00ba F\u00f3rum Municipal de Educa\u00e7\u00e3o para o Tr\u00e2nsito e Mobilidade.<\/strong><\/p>\n<p>A exemplo do que ocorrer\u00e1 nas principais cidades do mundo, a Secretaria Municipal de Tr\u00e3nsito de Guarulhos promover\u00e1 o F\u00f3rum Municipal de Educa\u00e7\u00e3o para o Tr\u00e2nsito e Mobilidade que representar\u00e1 o grande in\u00edcio de uma sucess\u00e3o de trabalhos voltados \u00e0 D\u00e9cada Mundial de A\u00e7\u00f5es de Seguran\u00e7a no Tr\u00e2nsito buscando consolidar uma grande rede social para a dissemina\u00e7\u00e3o dos conceitos de seguran\u00e7a e de novas posturas no espa\u00e7o de circula\u00e7\u00e3o p\u00fablica, levando \u00e0 reflex\u00e3o sobre a co-responsabilidade pela seguran\u00e7a e qualidade na pr\u00e1tica do ir e vir, direito b\u00e1sico do cidad\u00e3o.<\/p>\n<p>A iniciativa vem como rea\u00e7\u00e3o \u00e0 realidade mundial contempor\u00e2nea em que, segundo dados da OMS &#8211; Organiza\u00e7\u00e3o Mundial de Sa\u00fade, morrem anualmente cerca de 1,3 milh\u00e3o de pessoas em acidentes de tr\u00e2nsito no mundo, e entre 20 e 50 milh\u00f5es s\u00e3o feridos. Em diversas frentes ser\u00e3o programadas medidas visando a redu\u00e7\u00e3o significativa desses n\u00fameros, sendo a Educa\u00e7\u00e3o para o Tr\u00e2nsito, sem d\u00favida, um dos principais instrumentos para o sucesso deste empreendimento.<\/p>\n<p>Esperam-se para o per\u00edodo estabelecido v\u00e1rias e intensas a\u00e7\u00f5es educativas e conscientizadoras, apresentando os m\u00faltiplos fatores componentes da grave situa\u00e7\u00e3o atual e propondo a ades\u00e3o da sociedade no sentido de minimiz\u00e1-los. Assim, a Prefeitura Municipal de Guarulhos, atrav\u00e9s da Secretaria de Transportes e Tr\u00e2nsito e da Escola P\u00fablica de Tr\u00e2nsito, promove este F\u00f3rum Municipal de Educa\u00e7\u00e3o para o Tr\u00e2nsito e Mobilidade, no pr\u00f3ximo dia 26 de novembro de 2010, colocando em discuss\u00e3o quest\u00f5es como fatores de risco, modelos de educa\u00e7\u00e3o e comunica\u00e7\u00e3o, implanta\u00e7\u00e3o de normas, e forma\u00e7\u00e3o e atualiza\u00e7\u00e3o dos diversos agentes ligados \u00e0 organiza\u00e7\u00e3o do tr\u00e2nsito urbano.<\/p>\n<p><strong> <\/strong><\/p>\n<p><strong>Data \u2013 26 de novembro de 2010.<\/strong><\/p>\n<p><strong>Local \u2013 Hotel Matiz<\/strong><\/p>\n<p><strong>Rua Pedro de Toledo, n\u00ba 1000<\/strong><\/p>\n<p><strong>Programa\u00e7\u00e3o<\/strong><\/p>\n<p><strong><em>8h \u00e0s 9h<\/em><\/strong><\/p>\n<p>Credenciamento<\/p>\n<p>Caf\u00e9<\/p>\n<p><strong><em>9h<\/em><\/strong><\/p>\n<p><strong>Eixo Sa\u00fade Urbana<\/strong><\/p>\n<p>Problematizar as conseq\u00fc\u00eancias diretas e indiretas do sistema tr\u00e2nsito na qualidade de vida, com \u00eanfase na quest\u00e3o ambiental e nos acidentes de tr\u00e2nsito e suas seq\u00fcelas.<\/p>\n<p>\uf0b7 Representante do Minist\u00e9rio da Sa\u00fade<\/p>\n<p>\uf0b7 Marcelo Nery \u2013 Representante do N\u00facleo de Estudos da Viol\u00eancia \u2013 Universidade de S\u00e3o Paulo<\/p>\n<p>\uf0b7 Arq. Urb. Marli Ara\u00fajo &#8211; Secretaria Municipal de Meio Ambiente<\/p>\n<p><strong><em>12h \u00e0s 13h30<\/em><\/strong><\/p>\n<p>Almo\u00e7o<\/p>\n<p><strong><em>14h<\/em><\/strong><\/p>\n<p><strong>Eixo Educa\u00e7\u00e3o para o Tr\u00e2nsito e Mobilidade<\/strong><\/p>\n<p>Discutir estudos e propostas destinadas ao p\u00fablico jovem, considerando-o como protagonista e v\u00edtima da maioria dos acidentes de tr\u00e2nsito. Ainda dever\u00e1 buscar meios alternativos de sensibiliza\u00e7\u00e3o deste p\u00fablico, dada as inova\u00e7\u00f5es tecnol\u00f3gicas e o excesso de informa\u00e7\u00e3o recebida e mal utilizada.<\/p>\n<p>\uf0b7 Eduardo Biavati \u2013 Mestre em Sociologia e Especialista em Seguran\u00e7a no Tr\u00e2nsito e Membro Titular da C\u00e2mara Tem\u00e1tica de Educa\u00e7\u00e3o e Cidadania do Conselho Nacional de Tr\u00e2nsito (CONTRAN), para o bi\u00eanio 2010-2011.<\/p>\n<p>\uf0b7 Inspetor M\u00e1rcio Pontes \u2013 Chefe da 1\u00aa Delegacia Pol\u00edcia Rodovi\u00e1ria Federal<\/p>\n<p>\uf0b7 Representantes das Secretarias Municipal e Estadual de Educa\u00e7\u00e3o<\/p>\n<p><strong><em>17h30<\/em><\/strong><\/p>\n<p><strong>Encerramento das atividades<\/strong><\/p>\n<p>Coquetel<\/p>\n<p><strong> <\/strong><\/p>\n<p><strong>P\u00fablico alvo preferencial<\/strong><\/p>\n<p>&#8211; Educadores das redes municipal, estadual e particular de ensino;<\/p>\n<p>&#8211; T\u00e9cnicos e profissionais que atuam no Sistema Nacional de Tr\u00e2nsito (projetistas, engenheiros, agentes e etc.);<\/p>\n<p>&#8211; Graduandos das \u00e1reas afins (Faculdades e universidades do munic\u00edpio);<\/p>\n<p>&#8211; Educadores e instrutores de tr\u00e2nsito;<\/p>\n<p>&#8211; Institui\u00e7\u00f5es policiais: Pol\u00edcia Rodovi\u00e1ria Federal, Pol\u00edcia Militar, Guarda Civil Metropolitana e Corpo de Bombeiros;<\/p>\n<p>&#8211; Autoridades municipais;<\/p>\n<p>&#8211; Membros e parceiros do CIPVT \u2013 Comit\u00ea Intersetorial de Preven\u00e7\u00e3o da Viol\u00eancia no Tr\u00e2nsito.<\/p>\n<p>Vagas limitadas.<\/p>\n<p>As inscri\u00e7\u00f5es ser\u00e3o realizadas pelo site www.guarulhos.sp.gov.br, a partir de 03 de novembro.<\/p>\n","protected":false},"excerpt":{"rendered":"<p>Guarulhos organiza o 1\u00ba F\u00f3rum Municipal de Educa\u00e7\u00e3o para o Tr\u00e2nsito e Mobilidade. A exemplo do que ocorrer\u00e1 nas principais cidades do mundo, a Secretaria Municipal de Tr\u00e3nsito de Guarulhos promover\u00e1 o F\u00f3rum Municipal de Educa\u00e7\u00e3o para o Tr\u00e2nsito e Mobilidade que representar\u00e1 o grande in\u00edcio de uma sucess\u00e3o de trabalhos voltados \u00e0 D\u00e9cada Mundial [&hellip;]<\/p>\n","protected":false},"author":1,"featured_media":0,"comment_status":"open","ping_status":"open","sticky":false,"template":"","format":"standard","meta":{"ngg_post_thumbnail":0,"footnotes":""},"categories":[6,8,5],"tags":[],"class_list":["post-431","post","type-post","status-publish","format-standard","hentry","category-campanhas","category-eventos","category-blog"],"_links":{"self":[{"href":"https:\/\/transitoamigo.com.br\/website\/wp-json\/wp\/v2\/posts\/431","targetHints":{"allow":["GET"]}}],"collection":[{"href":"https:\/\/transitoamigo.com.br\/website\/wp-json\/wp\/v2\/posts"}],"about":[{"href":"https:\/\/transitoamigo.com.br\/website\/wp-json\/wp\/v2\/types\/post"}],"author":[{"embeddable":true,"href":"https:\/\/transitoamigo.com.br\/website\/wp-json\/wp\/v2\/users\/1"}],"replies":[{"embeddable":true,"href":"https:\/\/transitoamigo.com.br\/website\/wp-json\/wp\/v2\/comments?post=431"}],"version-history":[{"count":2,"href":"https:\/\/transitoamigo.com.br\/website\/wp-json\/wp\/v2\/posts\/431\/revisions"}],"predecessor-version":[{"id":437,"href":"https:\/\/transitoamigo.com.br\/website\/wp-json\/wp\/v2\/posts\/431\/revisions\/437"}],"wp:attachment":[{"href":"https:\/\/transitoamigo.com.br\/website\/wp-json\/wp\/v2\/media?parent=431"}],"wp:term":[{"taxonomy":"category","embeddable":true,"href":"https:\/\/transitoamigo.com.br\/website\/wp-json\/wp\/v2\/categories?post=431"},{"taxonomy":"post_tag","embeddable":true,"href":"https:\/\/transitoamigo.com.br\/website\/wp-json\/wp\/v2\/tags?post=431"}],"curies":[{"name":"wp","href":"https:\/\/api.w.org\/{rel}","templated":true}]}}