{"id":444,"date":"2010-11-09T17:26:01","date_gmt":"2010-11-09T20:26:01","guid":{"rendered":"http:\/\/transitoamigo.com.br\/website\/?p=444"},"modified":"2010-11-23T18:03:26","modified_gmt":"2010-11-23T21:03:26","slug":"dia-mundial-informe-ix","status":"publish","type":"post","link":"https:\/\/transitoamigo.com.br\/website\/dia-mundial-informe-ix\/","title":{"rendered":"DIA MUNDIAL &#8211; Informe IX"},"content":{"rendered":"<p><strong>CELEBRA\u00c7\u00c3O EM MEM\u00d3RIA DAS VITIMAS CHEGA AO PERU<\/strong><\/p>\n<p style=\"text-align: justify;\">A filial peruana da Empresa PERKONS, uma das patrocinadoras no Brasil do DIA MUNDIAL EM MEM\u00d3RIA DAS VITIMAS DE TR\u00c2NSITO realizar\u00e1 no dia 10 de novembro um F\u00f3rum de Debates sob o Tema &#8220;COMO CUIDAR DE TU VIDA&#8221;, que reuinir\u00e1 especialistas, autoridades e personalidades p\u00fablicas para debaterem a ado\u00e7\u00e3o naquele pa\u00eds de uma iniciativa semelhante ao PLANO DE SEGURAN\u00c7A VI\u00c1RIA DA COMUNIDADE EUROP\u00c9IA.<\/p>\n<p style=\"text-align: justify;\">O evento vai acontecer na Sociededa Nacional de las Industrias, no Distrito de San Isidro, das 16:00 \u00e0s 19:00h.<\/p>\n","protected":false},"excerpt":{"rendered":"<p>CELEBRA\u00c7\u00c3O EM MEM\u00d3RIA DAS VITIMAS CHEGA AO PERU A filial peruana da Empresa PERKONS, uma das patrocinadoras no Brasil do DIA MUNDIAL EM MEM\u00d3RIA DAS VITIMAS DE TR\u00c2NSITO realizar\u00e1 no dia 10 de novembro um F\u00f3rum de Debates sob o Tema &#8220;COMO CUIDAR DE TU VIDA&#8221;, que reuinir\u00e1 especialistas, autoridades e personalidades p\u00fablicas para debaterem [&hellip;]<\/p>\n","protected":false},"author":1,"featured_media":0,"comment_status":"open","ping_status":"open","sticky":false,"template":"","format":"standard","meta":{"ngg_post_thumbnail":0,"footnotes":""},"categories":[6,8,5],"tags":[],"class_list":["post-444","post","type-post","status-publish","format-standard","hentry","category-campanhas","category-eventos","category-blog"],"_links":{"self":[{"href":"https:\/\/transitoamigo.com.br\/website\/wp-json\/wp\/v2\/posts\/444","targetHints":{"allow":["GET"]}}],"collection":[{"href":"https:\/\/transitoamigo.com.br\/website\/wp-json\/wp\/v2\/posts"}],"about":[{"href":"https:\/\/transitoamigo.com.br\/website\/wp-json\/wp\/v2\/types\/post"}],"author":[{"embeddable":true,"href":"https:\/\/transitoamigo.com.br\/website\/wp-json\/wp\/v2\/users\/1"}],"replies":[{"embeddable":true,"href":"https:\/\/transitoamigo.com.br\/website\/wp-json\/wp\/v2\/comments?post=444"}],"version-history":[{"count":3,"href":"https:\/\/transitoamigo.com.br\/website\/wp-json\/wp\/v2\/posts\/444\/revisions"}],"predecessor-version":[{"id":479,"href":"https:\/\/transitoamigo.com.br\/website\/wp-json\/wp\/v2\/posts\/444\/revisions\/479"}],"wp:attachment":[{"href":"https:\/\/transitoamigo.com.br\/website\/wp-json\/wp\/v2\/media?parent=444"}],"wp:term":[{"taxonomy":"category","embeddable":true,"href":"https:\/\/transitoamigo.com.br\/website\/wp-json\/wp\/v2\/categories?post=444"},{"taxonomy":"post_tag","embeddable":true,"href":"https:\/\/transitoamigo.com.br\/website\/wp-json\/wp\/v2\/tags?post=444"}],"curies":[{"name":"wp","href":"https:\/\/api.w.org\/{rel}","templated":true}]}}