{"id":450,"date":"2010-11-12T15:37:00","date_gmt":"2010-11-12T18:37:00","guid":{"rendered":"http:\/\/transitoamigo.com.br\/website\/?p=450"},"modified":"2010-11-23T18:01:51","modified_gmt":"2010-11-23T21:01:51","slug":"dia-mundial-informe-x","status":"publish","type":"post","link":"https:\/\/transitoamigo.com.br\/website\/dia-mundial-informe-x\/","title":{"rendered":"DIA MUNDIAL &#8211; Informe X"},"content":{"rendered":"<p>A Associa\u00e7\u00e3o de Vitimas de\u00a0Tr\u00e2nsito\u00a0na Espanha organiza a sua celebra\u00e7\u00e3o pela passagem do DIA MUNDIAL EM MEM\u00d3RIA DAS VITIMAS DE TR\u00c2NSITO.<\/p>\n<p>O data ser\u00e1 marcada por um ato religioso e por uma exposi\u00e7\u00e3o de imagens sobre o sugestivo nome de &#8220;El Rostro de las Cifras&#8221; (A face dos n\u00fameros). veja a programa\u00e7\u00e3o visitando o link: http:\/\/www.pat-apat.org\/not_2010_11_08.php<\/p>\n","protected":false},"excerpt":{"rendered":"<p>A Associa\u00e7\u00e3o de Vitimas de\u00a0Tr\u00e2nsito\u00a0na Espanha organiza a sua celebra\u00e7\u00e3o pela passagem do DIA MUNDIAL EM MEM\u00d3RIA DAS VITIMAS DE TR\u00c2NSITO. O data ser\u00e1 marcada por um ato religioso e por uma exposi\u00e7\u00e3o de imagens sobre o sugestivo nome de &#8220;El Rostro de las Cifras&#8221; (A face dos n\u00fameros). veja a programa\u00e7\u00e3o visitando o link: [&hellip;]<\/p>\n","protected":false},"author":1,"featured_media":0,"comment_status":"open","ping_status":"open","sticky":false,"template":"","format":"standard","meta":{"ngg_post_thumbnail":0,"footnotes":""},"categories":[6,8],"tags":[],"class_list":["post-450","post","type-post","status-publish","format-standard","hentry","category-campanhas","category-eventos"],"_links":{"self":[{"href":"https:\/\/transitoamigo.com.br\/website\/wp-json\/wp\/v2\/posts\/450","targetHints":{"allow":["GET"]}}],"collection":[{"href":"https:\/\/transitoamigo.com.br\/website\/wp-json\/wp\/v2\/posts"}],"about":[{"href":"https:\/\/transitoamigo.com.br\/website\/wp-json\/wp\/v2\/types\/post"}],"author":[{"embeddable":true,"href":"https:\/\/transitoamigo.com.br\/website\/wp-json\/wp\/v2\/users\/1"}],"replies":[{"embeddable":true,"href":"https:\/\/transitoamigo.com.br\/website\/wp-json\/wp\/v2\/comments?post=450"}],"version-history":[{"count":6,"href":"https:\/\/transitoamigo.com.br\/website\/wp-json\/wp\/v2\/posts\/450\/revisions"}],"predecessor-version":[{"id":478,"href":"https:\/\/transitoamigo.com.br\/website\/wp-json\/wp\/v2\/posts\/450\/revisions\/478"}],"wp:attachment":[{"href":"https:\/\/transitoamigo.com.br\/website\/wp-json\/wp\/v2\/media?parent=450"}],"wp:term":[{"taxonomy":"category","embeddable":true,"href":"https:\/\/transitoamigo.com.br\/website\/wp-json\/wp\/v2\/categories?post=450"},{"taxonomy":"post_tag","embeddable":true,"href":"https:\/\/transitoamigo.com.br\/website\/wp-json\/wp\/v2\/tags?post=450"}],"curies":[{"name":"wp","href":"https:\/\/api.w.org\/{rel}","templated":true}]}}