{"id":460,"date":"2010-11-16T09:13:42","date_gmt":"2010-11-16T12:13:42","guid":{"rendered":"http:\/\/transitoamigo.com.br\/website\/?p=460"},"modified":"2010-11-23T18:01:02","modified_gmt":"2010-11-23T21:01:02","slug":"dia-mundial-participe-da-acao-nacional-em-florianopolis","status":"publish","type":"post","link":"https:\/\/transitoamigo.com.br\/website\/dia-mundial-participe-da-acao-nacional-em-florianopolis\/","title":{"rendered":"DIA MUNDIAL &#8211; Participe da a\u00e7\u00e3o nacional em Florian\u00f3polis"},"content":{"rendered":"<p><strong>DIA MUNDIAL EM MEM\u00d3RIA\u00a0DAS V\u00cdTIMAS DE TR\u00c2NSITO<\/strong><\/p>\n<p><strong><em>Florian\u00f3polis\/SC &#8211; Dia 21 de novembro de 2010 \u2013 Terceiro domingo do m\u00eas<\/em><\/strong><\/p>\n<p><em>Local: Avenida Beira Mar Norte ( Koxixos)<\/em><\/p>\n<p>A viol\u00eancia no tr\u00e2nsito mata todos os anos quase 1,3 milh\u00e3o de pessoas, fere e incapacita mais de 50 milh\u00f5es e \u00e9 a causa principal de mortes de jovens na faixa et\u00e1ria dos 10 aos 24 anos.<\/p>\n<p>Em outubro de 2005, a Assembl\u00e9ia Geral da ONU aprovou resolu\u00e7\u00e3o conclamando todos os pa\u00edses para que definissem o terceiro domingo do m\u00eas de novembro de cada ano como o dia dedicado \u00e0 mem\u00f3ria das v\u00edtimas da viol\u00eancia sobre rodas.<\/p>\n<p>A Organiza\u00e7\u00e3o Mundial da Sa\u00fade (OMS) e as demais institui\u00e7\u00f5es mundiais ligados \u00e0 seguran\u00e7a na circula\u00e7\u00e3o vi\u00e1ria incentivam os governos e as organiza\u00e7\u00f5es civis em todo o planeta que celebrem festivamente essa data, n\u00e3o s\u00f3 como uma forma de mobiliza\u00e7\u00e3o social e de homenagem aos entes queridos vitimados pela viol\u00eancia vi\u00e1ria, mas como uma leg\u00edtima e necess\u00e1ria provoca\u00e7\u00e3o para que a\u00e7\u00f5es efetivas e pr\u00e1ticas sejam adotadas.<\/p>\n<p>O objetivo da celebra\u00e7\u00e3o \u00e9 garantir a mobiliza\u00e7\u00e3o da sociedade contra essa viol\u00eancia absolutamente previs\u00edvel e confortar as centenas de milhares de parentes e amigos das v\u00edtimas que sofrem e sofrer\u00e3o para sempre as consequ\u00eancias materiais, sociais e principalmente emocionais desses eventos tr\u00e1gicos.<\/p>\n<p>Em 2007 o Brasil, pela primeira vez, fez no Rio de Janeiro atrav\u00e9s da Ong TR\u00c3NSITOAMIGO e entidades parceiras o seu primeiro movimento que se repetiu em 2008. Em 2009, para que a consci\u00eancia sobre a gravidade do problema fosse ampliada, os organizadores decidiram que, a partir daquele ano, ela seria itinerante acontecendo em cidades diferentes. A primeira escolhida foi Curitiba palco de uma trag\u00e9dia que vitimou dois jovens inocentes e que comoveu o Brasil. O evento foi marcado com a constru\u00e7\u00e3o de um monumento permanente no Parque Barigui.<\/p>\n<p>Neste ano de 2010, a data cair\u00e1 no pr\u00f3ximo dia 21 e termos um encontro marcado em Florian\u00f3polis, Santa Catarina, capital do segundo estado brasileiro no ranking da viol\u00eancia no tr\u00e2nsito. Esperamos todos voc\u00eas. Veja a programa\u00e7\u00e3o:<\/p>\n<p><strong> <\/strong><\/p>\n<p><strong>Programa\u00e7\u00e3o:<\/strong><\/p>\n<p>09:00h &#8211; Apresenta\u00e7\u00e3o da Banda de M\u00fasica da Policia Militar;<\/p>\n<p>09:00h &#8211; In\u00edcio da exposi\u00e7\u00e3o nos estandes;<\/p>\n<p>10:00h &#8211; Chegada das equipes de Motociclistas, Ciclistas e Corredores;<\/p>\n<p>10:15h &#8211; Culto Ecum\u00eanico com o Coral Vozes do CEMJ;<\/p>\n<p>10:45h \u2013 Apresenta\u00e7\u00e3o dos esquetes com os personagens Calota e Gasolina em Tr\u00e2nsito ;<\/p>\n<p>11:25h &#8211; Apresenta\u00e7\u00e3o da Banda da Par\u00f3quia da Prainha;<\/p>\n<p>11:40h \u2013 Manifesta\u00e7\u00f5es de autoridades e personalidades em apoio a &#8220;D\u00e9cada Global de A\u00e7\u00f5es para a Seguran\u00e7a no Tr\u00e2nsito &#8211; 2011-2020&#8221;;<\/p>\n<p>11:50h &#8211; Entrega do Abaixo Assinado em apoio a &#8220;D\u00e9cada Global de A\u00e7\u00f5es para a Seguran\u00e7a no Tr\u00e2nsito &#8211; 2011-2020&#8221;;<\/p>\n<p>12:00h &#8211; Entrega de Premios do Concurso de desenhos da PRF\u00a0&#8211; Tema: Tr\u00e2nsito \u00e9 Vida;<\/p>\n<p><strong>Entidades patrocinadoras e apoiadoras<\/strong><\/p>\n<p>ABRAMCET, ADOTESC, AFAPV, APJ, CBM, CICLESHOFFMANN, CNSeg, CRP, DEINFRA, DEMOLAY, DETRAN\/SC, DNIT,\u00a0ESCOTEIROS, FACULDADE EST\u00c1CIO SC, FETRANCESC, FLORIPA EXPRESS, FUNDA\u00c7\u00c3O HERMON, GERA\u00c7\u00c3O MOTOS\/YAMAHA, GMF, GMSJ, ICETRAN, IPUF, MONATRAN, PERKONS, PMF, PMRv, PMSC, PMSJ, PRF, SBOT, SCOT, SEGURADORA LIDER\/DPVAT, SEST\/SENAT, SINDEMOSC, SPORTNESS, TR\u00c2NSITOAMIGO.<\/p>\n","protected":false},"excerpt":{"rendered":"<p>DIA MUNDIAL EM MEM\u00d3RIA\u00a0DAS V\u00cdTIMAS DE TR\u00c2NSITO Florian\u00f3polis\/SC &#8211; Dia 21 de novembro de 2010 \u2013 Terceiro domingo do m\u00eas Local: Avenida Beira Mar Norte ( Koxixos) A viol\u00eancia no tr\u00e2nsito mata todos os anos quase 1,3 milh\u00e3o de pessoas, fere e incapacita mais de 50 milh\u00f5es e \u00e9 a causa principal de mortes de [&hellip;]<\/p>\n","protected":false},"author":1,"featured_media":0,"comment_status":"open","ping_status":"open","sticky":false,"template":"","format":"standard","meta":{"ngg_post_thumbnail":0,"footnotes":""},"categories":[6,5],"tags":[],"class_list":["post-460","post","type-post","status-publish","format-standard","hentry","category-campanhas","category-blog"],"_links":{"self":[{"href":"https:\/\/transitoamigo.com.br\/website\/wp-json\/wp\/v2\/posts\/460","targetHints":{"allow":["GET"]}}],"collection":[{"href":"https:\/\/transitoamigo.com.br\/website\/wp-json\/wp\/v2\/posts"}],"about":[{"href":"https:\/\/transitoamigo.com.br\/website\/wp-json\/wp\/v2\/types\/post"}],"author":[{"embeddable":true,"href":"https:\/\/transitoamigo.com.br\/website\/wp-json\/wp\/v2\/users\/1"}],"replies":[{"embeddable":true,"href":"https:\/\/transitoamigo.com.br\/website\/wp-json\/wp\/v2\/comments?post=460"}],"version-history":[{"count":3,"href":"https:\/\/transitoamigo.com.br\/website\/wp-json\/wp\/v2\/posts\/460\/revisions"}],"predecessor-version":[{"id":476,"href":"https:\/\/transitoamigo.com.br\/website\/wp-json\/wp\/v2\/posts\/460\/revisions\/476"}],"wp:attachment":[{"href":"https:\/\/transitoamigo.com.br\/website\/wp-json\/wp\/v2\/media?parent=460"}],"wp:term":[{"taxonomy":"category","embeddable":true,"href":"https:\/\/transitoamigo.com.br\/website\/wp-json\/wp\/v2\/categories?post=460"},{"taxonomy":"post_tag","embeddable":true,"href":"https:\/\/transitoamigo.com.br\/website\/wp-json\/wp\/v2\/tags?post=460"}],"curies":[{"name":"wp","href":"https:\/\/api.w.org\/{rel}","templated":true}]}}