{"id":469,"date":"2010-11-22T18:36:03","date_gmt":"2010-11-22T21:36:03","guid":{"rendered":"http:\/\/transitoamigo.com.br\/website\/?p=469"},"modified":"2010-11-22T18:37:04","modified_gmt":"2010-11-22T21:37:04","slug":"dia-mundial-em-memoria-das-vitimas-em-florianopolis-recolhe-8-mil-assinaturas","status":"publish","type":"post","link":"https:\/\/transitoamigo.com.br\/website\/dia-mundial-em-memoria-das-vitimas-em-florianopolis-recolhe-8-mil-assinaturas\/","title":{"rendered":"Dia Mundial em Mem\u00f3ria das Vitimas em Florian\u00f3polis recolhe 8 mil assinaturas"},"content":{"rendered":"<p>Deputado Hugo Leal, vice presidente da Frente Parlamentar para um Tr\u00e2nsito |Seguro da C\u00e2mara dos Deputados recebeu das m\u00e3os de Fernando Diniz (<em>Ong TRANSITOAMIGO<\/em>) e de Sidney Schmidt (<em>ICETRAN<\/em>) as mais de 8 mil assinaturas de parte da popula\u00e7\u00e3o catarinense em apoio \u00e0 <strong>D\u00c9CADA DE A\u00c7\u00d5ES DE SEGURAN\u00c7A NO TR\u00c2NSITO 2010\/2020<\/strong><\/p>\n","protected":false},"excerpt":{"rendered":"<p>Deputado Hugo Leal, vice presidente da Frente Parlamentar para um Tr\u00e2nsito |Seguro da C\u00e2mara dos Deputados recebeu das m\u00e3os de Fernando Diniz (Ong TRANSITOAMIGO) e de Sidney Schmidt (ICETRAN) as mais de 8 mil assinaturas de parte da popula\u00e7\u00e3o catarinense em apoio \u00e0 D\u00c9CADA DE A\u00c7\u00d5ES DE SEGURAN\u00c7A NO TR\u00c2NSITO 2010\/2020<\/p>\n","protected":false},"author":1,"featured_media":0,"comment_status":"open","ping_status":"open","sticky":false,"template":"","format":"standard","meta":{"ngg_post_thumbnail":0,"footnotes":""},"categories":[6,3,8],"tags":[],"class_list":["post-469","post","type-post","status-publish","format-standard","hentry","category-campanhas","category-destaques","category-eventos"],"_links":{"self":[{"href":"https:\/\/transitoamigo.com.br\/website\/wp-json\/wp\/v2\/posts\/469","targetHints":{"allow":["GET"]}}],"collection":[{"href":"https:\/\/transitoamigo.com.br\/website\/wp-json\/wp\/v2\/posts"}],"about":[{"href":"https:\/\/transitoamigo.com.br\/website\/wp-json\/wp\/v2\/types\/post"}],"author":[{"embeddable":true,"href":"https:\/\/transitoamigo.com.br\/website\/wp-json\/wp\/v2\/users\/1"}],"replies":[{"embeddable":true,"href":"https:\/\/transitoamigo.com.br\/website\/wp-json\/wp\/v2\/comments?post=469"}],"version-history":[{"count":2,"href":"https:\/\/transitoamigo.com.br\/website\/wp-json\/wp\/v2\/posts\/469\/revisions"}],"predecessor-version":[{"id":471,"href":"https:\/\/transitoamigo.com.br\/website\/wp-json\/wp\/v2\/posts\/469\/revisions\/471"}],"wp:attachment":[{"href":"https:\/\/transitoamigo.com.br\/website\/wp-json\/wp\/v2\/media?parent=469"}],"wp:term":[{"taxonomy":"category","embeddable":true,"href":"https:\/\/transitoamigo.com.br\/website\/wp-json\/wp\/v2\/categories?post=469"},{"taxonomy":"post_tag","embeddable":true,"href":"https:\/\/transitoamigo.com.br\/website\/wp-json\/wp\/v2\/tags?post=469"}],"curies":[{"name":"wp","href":"https:\/\/api.w.org\/{rel}","templated":true}]}}