{"id":481,"date":"2010-11-23T23:17:14","date_gmt":"2010-11-24T02:17:14","guid":{"rendered":"http:\/\/transitoamigo.com.br\/website\/?p=481"},"modified":"2010-11-24T07:33:55","modified_gmt":"2010-11-24T10:33:55","slug":"481","status":"publish","type":"post","link":"https:\/\/transitoamigo.com.br\/website\/481\/","title":{"rendered":"Mensaje del Secretario General da ONU"},"content":{"rendered":"<p><img loading=\"lazy\" decoding=\"async\" class=\"alignnone size-full wp-image-483\" title=\"onu_logo\" src=\"http:\/\/transitoamigo.com.br\/website\/wp-content\/uploads\/2010\/11\/onu_logo.jpg\" alt=\"\" width=\"620\" height=\"94\" srcset=\"https:\/\/transitoamigo.com.br\/website\/wp-content\/uploads\/2010\/11\/onu_logo.jpg 620w, https:\/\/transitoamigo.com.br\/website\/wp-content\/uploads\/2010\/11\/onu_logo-300x45.jpg 300w\" sizes=\"auto, (max-width: 620px) 100vw, 620px\" \/><\/p>\n<h5>Mensaje del Secretario General en el D\u00eda mundial en recuerdo de las v\u00edctimas de los accidentes de tr\u00e1nsito &#8211; 21 de noviembre de 2010<\/p>\n<p>En el D\u00eda mundial en recuerdo de las v\u00edctimas de los accidentes de tr\u00e1nsito lamentamos la muerte de los 1,3 millones de personas que se calcula pierden la vida en las calles y carreteras del mundo todos los a\u00f1os y renovamos nuestra determinaci\u00f3n de evitar que ocurran nuevas muertes.<br \/>\nMuchas tragedias pueden prevenirse aplicando un conjunto de medidas simples, de demostrada eficacia, que benefician no solo a las personas y familias sino a la sociedad en general.<\/p>\n<p>Cada vez hay un mayor reconocimiento del apremiante problema que presentan las muertes y lesiones causadas por accidentes de tr\u00e1nsito para el desarrollo y la salud p\u00fablica. Esta mayor conciencia ha impulsado a los gobiernos y sus asociados a dar una respuesta m\u00e1s r\u00e1pida. Este a\u00f1o, la Asamblea General de las Naciones Unidas proclam\u00f3 el primer \u201cDecenio de Acci\u00f3n para la Seguridad Vial\u201d de la historia, que ofrece la oportunidad de adoptar medidas a nivel mundial.<\/p>\n<p>Hago un llamamiento a los Estados Miembros, los organismos internacionales, las organizaciones de la sociedad civil y los l\u00edderes empresariales y comunitarios para que aseguren que el Decenio conduzca al logro de mejoras reales. Como paso en esa direcci\u00f3n, los gobiernos deber\u00edan publicar sus planes nacionales para el Decenio, cuando este se inicie en todo el mundo, el 11 de mayo de 2011.<\/p>\n<p>El Grupo de colaboraci\u00f3n de las Naciones Unidas para la seguridad vial pronto publicar\u00e1 su plan mundial para el Decenio, en el que se exhorta a la adopci\u00f3n de medidas para mejorar la seguridad de las carreteras y los veh\u00edculos, el comportamiento de los conductores y peatones y los servicios de emergencia.<br \/>\nPor mi parte, he publicado una directiva para todo el personal de las Naciones Unidas en la que ordeno a los conductores de veh\u00edculos de la Organizaci\u00f3n que cumplan con ciertas medidas de seguridad vial, entre ellas, que se utilicen cinturones de seguridad, respeten los l\u00edmites de velocidad, se abstengan de utilizar tel\u00e9fonos celulares y eviten otras distracciones.<\/p>\n<p>Si todos adoptamos estas y otras medidas sencillas, podemos lograr que la observaci\u00f3n de este D\u00eda tenga verdadero sentido, honrando as\u00ed la memoria de las v\u00edctimas de la mejor manera posible, es decir, con conductas orientadas a salvar las vidas de los dem\u00e1s.<\/h5>\n","protected":false},"excerpt":{"rendered":"<p>Mensagem (em espanhol) do Secret\u00e1rio geral da ONU Ban Ki Moon, por ocasi\u00e3o do DIA MUNDIAL EM MEM\u00d3RIA DAS VITIMAS DE TR\u00c2NSITO\/2010 em 21 de novembro.<\/p>\n","protected":false},"author":1,"featured_media":0,"comment_status":"open","ping_status":"open","sticky":false,"template":"","format":"standard","meta":{"ngg_post_thumbnail":0,"footnotes":""},"categories":[3,5],"tags":[],"class_list":["post-481","post","type-post","status-publish","format-standard","hentry","category-destaques","category-blog"],"_links":{"self":[{"href":"https:\/\/transitoamigo.com.br\/website\/wp-json\/wp\/v2\/posts\/481","targetHints":{"allow":["GET"]}}],"collection":[{"href":"https:\/\/transitoamigo.com.br\/website\/wp-json\/wp\/v2\/posts"}],"about":[{"href":"https:\/\/transitoamigo.com.br\/website\/wp-json\/wp\/v2\/types\/post"}],"author":[{"embeddable":true,"href":"https:\/\/transitoamigo.com.br\/website\/wp-json\/wp\/v2\/users\/1"}],"replies":[{"embeddable":true,"href":"https:\/\/transitoamigo.com.br\/website\/wp-json\/wp\/v2\/comments?post=481"}],"version-history":[{"count":9,"href":"https:\/\/transitoamigo.com.br\/website\/wp-json\/wp\/v2\/posts\/481\/revisions"}],"predecessor-version":[{"id":494,"href":"https:\/\/transitoamigo.com.br\/website\/wp-json\/wp\/v2\/posts\/481\/revisions\/494"}],"wp:attachment":[{"href":"https:\/\/transitoamigo.com.br\/website\/wp-json\/wp\/v2\/media?parent=481"}],"wp:term":[{"taxonomy":"category","embeddable":true,"href":"https:\/\/transitoamigo.com.br\/website\/wp-json\/wp\/v2\/categories?post=481"},{"taxonomy":"post_tag","embeddable":true,"href":"https:\/\/transitoamigo.com.br\/website\/wp-json\/wp\/v2\/tags?post=481"}],"curies":[{"name":"wp","href":"https:\/\/api.w.org\/{rel}","templated":true}]}}